{"id":197,"date":"2016-09-20T03:39:37","date_gmt":"2016-09-20T03:39:37","guid":{"rendered":"http:\/\/www.anfibiotgr.cl\/web\/?p=197"},"modified":"2017-09-09T04:46:43","modified_gmt":"2017-09-09T04:46:43","slug":"desafio-mtb-xcm-cerro-grande-la-serena","status":"publish","type":"post","link":"https:\/\/www.anfibiotgr.cl\/web\/desafio-mtb-xcm-cerro-grande-la-serena\/","title":{"rendered":"Desafio MTB XCM Cerro Grande La Serena"},"content":{"rendered":"<div id=\"pl-197\"  class=\"panel-layout\" ><div id=\"pg-197-0\"  class=\"panel-grid panel-no-style\" ><div id=\"pgc-197-0-0\"  class=\"panel-grid-cell\" ><div id=\"panel-197-0-0-0\" class=\"so-panel widget widget_sow-editor panel-first-child panel-last-child\" data-index=\"0\" ><div\n\t\t\t\n\t\t\tclass=\"so-widget-sow-editor so-widget-sow-editor-base\"\n\t\t\t\n\t\t>\n<div class=\"siteorigin-widget-tinymce textwidget\">\n\t<p style=\"text-align: center;\"><img loading=\"lazy\" decoding=\"async\" class=\"size-medium wp-image-139 aligncenter\" src=\"http:\/\/www.anfibiotgr.cl\/web\/wp-content\/uploads\/2016\/01\/Logo-Anfibio-Eventos-Deportivos-copy-2-300x119.jpg\" alt=\"Logo Anfibio Eventos Deportivos copy 2\" width=\"300\" height=\"119\" srcset=\"https:\/\/www.anfibiotgr.cl\/web\/wp-content\/uploads\/2016\/01\/Logo-Anfibio-Eventos-Deportivos-copy-2-300x119.jpg 300w, https:\/\/www.anfibiotgr.cl\/web\/wp-content\/uploads\/2016\/01\/Logo-Anfibio-Eventos-Deportivos-copy-2-768x304.jpg 768w, https:\/\/www.anfibiotgr.cl\/web\/wp-content\/uploads\/2016\/01\/Logo-Anfibio-Eventos-Deportivos-copy-2-1024x405.jpg 1024w, https:\/\/www.anfibiotgr.cl\/web\/wp-content\/uploads\/2016\/01\/Logo-Anfibio-Eventos-Deportivos-copy-2.jpg 1534w\" sizes=\"auto, (max-width: 300px) 100vw, 300px\" \/><strong>DESAF\u00cdO MTB XCM CERRO GRANDE LA SERENA<br \/> LA REVANCHA!!!<br \/>S\u00c1BADO 13 DE FEBRERO DEL 2016<\/strong><\/p>\n<p style=\"text-align: center;\">La invitaci\u00f3n a este carrera de ciclismo de monta\u00f1a tiene por objetivo difundir los valores de la vida saludable a trav\u00e9s de la pr\u00e1ctica deportiva del Mountainbike, promoviendo la actividad f\u00edsica al aire libre e incentivar esta pr\u00e1ctica como un medio para lograr una buena condici\u00f3n de salud, f\u00edsica y mental, mejorar el nivel deportivo de los ciclistas de monta\u00f1a, aprovechando las bondades, atractivos culturales y condiciones naturales \u00fanicas que nos entrega nuestra Regi\u00f3n.<\/p>\n<\/div>\n<\/div><\/div><\/div><\/div><div id=\"pg-197-1\"  class=\"panel-grid panel-no-style\" ><div id=\"pgc-197-1-0\"  class=\"panel-grid-cell\" ><div id=\"panel-197-1-0-0\" class=\"so-panel widget widget_sow-editor panel-first-child panel-last-child\" data-index=\"1\" ><div\n\t\t\t\n\t\t\tclass=\"so-widget-sow-editor so-widget-sow-editor-base\"\n\t\t\t\n\t\t>\n<div class=\"siteorigin-widget-tinymce textwidget\">\n\t<p style=\"text-align: center;\"><strong>RALLY COMPLETO 35KM<\/strong><a href=\"http:\/\/www.anfibiotgr.cl\/web\/wp-content\/uploads\/2016\/01\/RALLY-COMPLETO-35KM-REVANCHA-XCM-CG.jpg\" rel=\"attachment wp-att-262\"><br \/><\/a><\/p>\n<\/div>\n<\/div><\/div><\/div><div id=\"pgc-197-1-1\"  class=\"panel-grid-cell\" ><div id=\"panel-197-1-1-0\" class=\"so-panel widget widget_sow-editor panel-first-child panel-last-child\" data-index=\"2\" ><div\n\t\t\t\n\t\t\tclass=\"so-widget-sow-editor so-widget-sow-editor-base\"\n\t\t\t\n\t\t>\n<div class=\"siteorigin-widget-tinymce textwidget\">\n\t<p style=\"text-align: center;\"><strong>MEDIO RALLY XCM 15KM<br \/><\/strong><\/p>\n<\/div>\n<\/div><\/div><\/div><div id=\"pgc-197-1-2\"  class=\"panel-grid-cell\" ><div id=\"panel-197-1-2-0\" class=\"so-panel widget widget_sow-editor panel-first-child panel-last-child\" data-index=\"3\" ><div\n\t\t\t\n\t\t\tclass=\"so-widget-sow-editor so-widget-sow-editor-base\"\n\t\t\t\n\t\t>\n<div class=\"siteorigin-widget-tinymce textwidget\">\n\t<p style=\"text-align: center;\"><strong>RUTA FAMILIAR XCM<br \/><\/strong><\/p>\n<\/div>\n<\/div><\/div><\/div><\/div><div id=\"pg-197-2\"  class=\"panel-grid panel-no-style\" ><div id=\"pgc-197-2-0\"  class=\"panel-grid-cell\" ><div id=\"panel-197-2-0-0\" class=\"so-panel widget widget_sow-editor panel-first-child panel-last-child\" data-index=\"4\" ><div\n\t\t\t\n\t\t\tclass=\"so-widget-sow-editor so-widget-sow-editor-base\"\n\t\t\t\n\t\t>\n<div class=\"siteorigin-widget-tinymce textwidget\">\n\t\n\t\t<style type=\"text\/css\">\n\t\t\t#gallery-1 {\n\t\t\t\tmargin: auto;\n\t\t\t}\n\t\t\t#gallery-1 .gallery-item {\n\t\t\t\tfloat: left;\n\t\t\t\tmargin-top: 10px;\n\t\t\t\ttext-align: center;\n\t\t\t\twidth: 33%;\n\t\t\t}\n\t\t\t#gallery-1 img {\n\t\t\t\tborder: 2px solid #cfcfcf;\n\t\t\t}\n\t\t\t#gallery-1 .gallery-caption {\n\t\t\t\tmargin-left: 0;\n\t\t\t}\n\t\t\t\/* see gallery_shortcode() in wp-includes\/media.php *\/\n\t\t<\/style>\n\t\t<div id='gallery-1' class='gallery galleryid-197 gallery-columns-3 gallery-size-thumbnail'><dl class='gallery-item'>\n\t\t\t<dt class='gallery-icon landscape'>\n\t\t\t\t<a href='https:\/\/www.anfibiotgr.cl\/web\/wp-content\/uploads\/2016\/01\/RALLY-COMPLETO-35KM-REVANCHA-XCM-CG.jpg'><img loading=\"lazy\" decoding=\"async\" width=\"150\" height=\"150\" src=\"https:\/\/www.anfibiotgr.cl\/web\/wp-content\/uploads\/2016\/01\/RALLY-COMPLETO-35KM-REVANCHA-XCM-CG-150x150.jpg\" class=\"attachment-thumbnail size-thumbnail\" alt=\"\" \/><\/a>\n\t\t\t<\/dt><\/dl><dl class='gallery-item'>\n\t\t\t<dt class='gallery-icon landscape'>\n\t\t\t\t<a href='https:\/\/www.anfibiotgr.cl\/web\/wp-content\/uploads\/2016\/01\/MEDIO-RALLY-XCM-CERRO-GRANDE.jpg'><img loading=\"lazy\" decoding=\"async\" width=\"150\" height=\"150\" src=\"https:\/\/www.anfibiotgr.cl\/web\/wp-content\/uploads\/2016\/01\/MEDIO-RALLY-XCM-CERRO-GRANDE-150x150.jpg\" class=\"attachment-thumbnail size-thumbnail\" alt=\"\" \/><\/a>\n\t\t\t<\/dt><\/dl><dl class='gallery-item'>\n\t\t\t<dt class='gallery-icon landscape'>\n\t\t\t\t<a href='https:\/\/www.anfibiotgr.cl\/web\/wp-content\/uploads\/2016\/01\/RUTA-FAMILIAR-XCM-CERRO-GRANDE.jpg'><img loading=\"lazy\" decoding=\"async\" width=\"150\" height=\"150\" src=\"https:\/\/www.anfibiotgr.cl\/web\/wp-content\/uploads\/2016\/01\/RUTA-FAMILIAR-XCM-CERRO-GRANDE-150x150.jpg\" class=\"attachment-thumbnail size-thumbnail\" alt=\"\" \/><\/a>\n\t\t\t<\/dt><\/dl><br style=\"clear: both\" \/>\n\t\t<\/div>\n\n<p style=\"text-align: center;\"><a href=\"http:\/\/www.anfibiotgr.cl\/2016-02-13_Reglamento.pdf\"> <img loading=\"lazy\" decoding=\"async\" class=\"alignnone size-medium wp-image-530\" src=\"http:\/\/www.anfibiotgr.cl\/web\/wp-content\/uploads\/2016\/01\/boton-reglamento-1-300x51.png\" alt=\"boton reglamento\" width=\"300\" height=\"51\" srcset=\"https:\/\/www.anfibiotgr.cl\/web\/wp-content\/uploads\/2016\/01\/boton-reglamento-1-300x51.png 300w, https:\/\/www.anfibiotgr.cl\/web\/wp-content\/uploads\/2016\/01\/boton-reglamento-1-768x130.png 768w, https:\/\/www.anfibiotgr.cl\/web\/wp-content\/uploads\/2016\/01\/boton-reglamento-1.png 792w\" sizes=\"auto, (max-width: 300px) 100vw, 300px\" \/><\/a>\u00a0 \u00a0<a href=\"http:\/\/www.anfibiotgr.cl\/Formulario_Inscripcion.xlsx\"><img loading=\"lazy\" decoding=\"async\" class=\"alignnone size-medium wp-image-528\" src=\"http:\/\/www.anfibiotgr.cl\/web\/wp-content\/uploads\/2016\/01\/boton-inscripcion-1-300x51.png\" alt=\"boton inscripcion\" width=\"300\" height=\"51\" srcset=\"https:\/\/www.anfibiotgr.cl\/web\/wp-content\/uploads\/2016\/01\/boton-inscripcion-1-300x51.png 300w, https:\/\/www.anfibiotgr.cl\/web\/wp-content\/uploads\/2016\/01\/boton-inscripcion-1-768x130.png 768w, https:\/\/www.anfibiotgr.cl\/web\/wp-content\/uploads\/2016\/01\/boton-inscripcion-1.png 792w\" sizes=\"auto, (max-width: 300px) 100vw, 300px\" \/><\/a><\/p>\n<p style=\"text-align: center;\"><a href=\"http:\/\/www.anfibiotgr.cl\/2016-02-13_DeclaracionDeportiva.pdf\"><img loading=\"lazy\" decoding=\"async\" class=\"alignnone size-medium wp-image-504\" src=\"http:\/\/www.anfibiotgr.cl\/web\/wp-content\/uploads\/2016\/01\/boton-declaracion-300x50.png\" alt=\"boton declaracion\" width=\"300\" height=\"50\" \/><\/a>\u00a0 \u00a0<a href=\"http:\/\/www.anfibiotgr.cl\/XCMCGRevancha2016.kmz\"><img loading=\"lazy\" decoding=\"async\" class=\"alignnone size-medium wp-image-506\" src=\"http:\/\/www.anfibiotgr.cl\/web\/wp-content\/uploads\/2016\/01\/boton-KMZ-300x51.png\" alt=\"boton KMZ\" width=\"300\" height=\"51\" \/><\/a><\/p>\n<p style=\"text-align: center;\">Link alternativo <a href=\"https:\/\/mega.nz\/#!mwZQ1brQ!34L2z2kPVq3Z4bu8YqhD0IqUicmlmHWXrGPTDzwoFYE\">KMZ<br \/><\/a>(luego de cargar, haz clic en \"<strong>Descargar a trav\u00e9s de su navegador<\/strong>\")<\/p>\n<p style=\"text-align: center;\">\u00a0<\/p>\n<p style=\"text-align: center;\"><strong>M\u00e1s informaci\u00f3n en nuestro p\u00e1gina de Facebook<\/strong><br \/> <a href=\"https:\/\/www.facebook.com\/Anfibio-Producci%C3%B3n-de-Eventos-Deportivos-1545414049014383\" target=\"_blank\"><img loading=\"lazy\" decoding=\"async\" class=\"alignnone wp-image-255\" src=\"http:\/\/www.anfibiotgr.cl\/web\/wp-content\/uploads\/2016\/01\/facebook.png\" alt=\"facebook\" width=\"38\" height=\"39\" \/><\/a><\/p>\n<\/div>\n<\/div><\/div><\/div><\/div><\/div>","protected":false},"excerpt":{"rendered":"<p>DESAF\u00cdO MTB XCM CERRO GRANDE LA SERENA LA REVANCHA!!!S\u00c1BADO 13 DE FEBRERO DEL 2016La invitaci\u00f3n a este carrera de ciclismo de monta\u00f1a tiene por objetivo difundir los valores de la vida saludable a trav\u00e9s de la pr\u00e1ctica deportiva del Mountainbike, promoviendo la actividad f\u00edsica al aire libre e incentivar esta pr\u00e1ctica como un medio para [&hellip;]<\/p>\n","protected":false},"author":2,"featured_media":198,"comment_status":"closed","ping_status":"closed","sticky":false,"template":"","format":"standard","meta":{"footnotes":""},"categories":[1],"tags":[],"class_list":["post-197","post","type-post","status-publish","format-standard","has-post-thumbnail","hentry","category-noticias"],"_links":{"self":[{"href":"https:\/\/www.anfibiotgr.cl\/web\/wp-json\/wp\/v2\/posts\/197","targetHints":{"allow":["GET"]}}],"collection":[{"href":"https:\/\/www.anfibiotgr.cl\/web\/wp-json\/wp\/v2\/posts"}],"about":[{"href":"https:\/\/www.anfibiotgr.cl\/web\/wp-json\/wp\/v2\/types\/post"}],"author":[{"embeddable":true,"href":"https:\/\/www.anfibiotgr.cl\/web\/wp-json\/wp\/v2\/users\/2"}],"replies":[{"embeddable":true,"href":"https:\/\/www.anfibiotgr.cl\/web\/wp-json\/wp\/v2\/comments?post=197"}],"version-history":[{"count":48,"href":"https:\/\/www.anfibiotgr.cl\/web\/wp-json\/wp\/v2\/posts\/197\/revisions"}],"predecessor-version":[{"id":1451,"href":"https:\/\/www.anfibiotgr.cl\/web\/wp-json\/wp\/v2\/posts\/197\/revisions\/1451"}],"wp:featuredmedia":[{"embeddable":true,"href":"https:\/\/www.anfibiotgr.cl\/web\/wp-json\/wp\/v2\/media\/198"}],"wp:attachment":[{"href":"https:\/\/www.anfibiotgr.cl\/web\/wp-json\/wp\/v2\/media?parent=197"}],"wp:term":[{"taxonomy":"category","embeddable":true,"href":"https:\/\/www.anfibiotgr.cl\/web\/wp-json\/wp\/v2\/categories?post=197"},{"taxonomy":"post_tag","embeddable":true,"href":"https:\/\/www.anfibiotgr.cl\/web\/wp-json\/wp\/v2\/tags?post=197"}],"curies":[{"name":"wp","href":"https:\/\/api.w.org\/{rel}","templated":true}]}}